{"id":6,"__str__":"Not\u00edcia por Samara Graciolli","link_detail_backend":"/comissao/documentoacessorio/6","metadata":{},"nome":"Not\u00edcia","data":"2025-09-18","autor":"Samara Graciolli","ementa":"Comiss\u00e3o inicia trabalhos para an\u00e1lise do estacionamento rotativo em S\u00e3o Louren\u00e7o do Oeste","indexacao":"","arquivo":"http://sapl.saolourencodooeste.sc.leg.br/media/sapl/public/documentoacessorio/6/anexo/noticia_-_comissao_inicia_trabalhos_para_analise_do_estacionamento_rotativo_em_sao_lourenco_do_oeste.pdf","data_ultima_atualizacao":"2025-10-14T16:02:14.254003-03:00","reuniao":239}