{"id":3,"__str__":"Membro : Ad\u00edlio Carubin","link_detail_backend":"/comissao/participacao/3","metadata":{},"titular":true,"data_designacao":"2023-01-01","data_desligamento":null,"motivo_desligamento":"","observacao":"Licenciado do cargo de vereador no per\u00edodo de 1\u00ba a 31 de mar\u00e7o de 2022, para tratar, sem remunera\u00e7\u00e3o, de interesse particular, nos termos do Requerimento n\u00ba 6/2024, com aprova\u00e7\u00e3o do Plen\u00e1rio no dia 26 de fevereiro de 2024.","composicao":1,"parlamentar":8,"cargo":3}